{"id":8207,"date":"2026-09-01T20:09:21","date_gmt":"2026-09-01T23:09:21","guid":{"rendered":"https:\/\/cienciasbahia.org.br\/novo\/?p=8207"},"modified":"2026-09-03T20:02:01","modified_gmt":"2026-09-03T23:02:01","slug":"centenario-de-roberto-santos-sera-celebrado-com-programacao-durante-setembro","status":"publish","type":"post","link":"https:\/\/cienciasbahia.org.br\/novo\/2026\/09\/01\/centenario-de-roberto-santos-sera-celebrado-com-programacao-durante-setembro\/","title":{"rendered":"Centen\u00e1rio de Roberto Santos ser\u00e1 celebrado com programa\u00e7\u00e3o at\u00e9 novembro"},"content":{"rendered":"<p>Uma programa\u00e7\u00e3o reunindo institui\u00e7\u00f5es acad\u00eamicas, cient\u00edficas e educacionais marcar\u00e1, entre setembro e novembro, o centen\u00e1rio de nascimento do professor Roberto Figueira Santos. Com o tema <strong>\u201cCi\u00eancia, Universidade e Sa\u00fade P\u00fablica no Desenvolvimento da Bahia\u201d<\/strong>, a agenda prop\u00f5e uma s\u00e9rie de atividades voltadas \u00e0 reflex\u00e3o sobre ci\u00eancia, forma\u00e7\u00e3o, medicina, educa\u00e7\u00e3o, tecnologia e inova\u00e7\u00e3o. A programa\u00e7\u00e3o inclui diversas organiza\u00e7\u00f5es e busca reconhecer o legado desse baiano que fez hist\u00f3ria.<\/p>\n<p>Promovida por universidades, academias e outras institui\u00e7\u00f5es baianas, a programa\u00e7\u00e3o come\u00e7a em 14 de setembro, \u00e0s 10h, com a <strong>Sess\u00e3o de Abertura do Centen\u00e1rio<\/strong>, no Sal\u00e3o Nobre da Reitoria, no Canela, Salvador. A atividade \u00e9 organizada conjuntamente pelas institui\u00e7\u00f5es participantes do centen\u00e1rio.<\/p>\n<p>Al\u00e9m da Academia de Ci\u00eancias da Bahia (ACB), entre as institui\u00e7\u00f5es que integram a iniciativa est\u00e3o a Universidade Federal da Bahia (UFBA), a Academia de Letras da Bahia (ALB), a Academia de Medicina da Bahia (AMB), a Academia Baiana de Educa\u00e7\u00e3o (ABE) e a Universidade do Estado da Bahia (UNEB). O primeiro deles ocorre em 15 de setembro, \u00e0s 11h, com uma confer\u00eancia sobre o professor Roberto Santos, apresentada pela acad\u00eamica Mariluce Moura, no Sal\u00e3o Nobre da Reitoria da UFBA. No dia 17 de setembro, tamb\u00e9m \u00e0s 11h, a ACB promove a confer\u00eancia \u201cDesafios atuais da \u00e9tica na ci\u00eancia\u201d, com o professor Esper Cavalheiro, no Audit\u00f3rio da Faculdade de Farm\u00e1cia da UFBA.<\/p>\n<p>As academias baianas tamb\u00e9m integram a programa\u00e7\u00e3o com sess\u00f5es de homenagem. Em 22 de setembro, a Academia de Letras da Bahia realiza uma sess\u00e3o do centen\u00e1rio com discursos da acad\u00eamica Helo\u00edsa Prazeres, do acad\u00eamico Edvaldo Brito e da professora Cristiana Santos. Em 30 de setembro, ser\u00e1 a vez da Academia de Medicina da Bahia, com participa\u00e7\u00e3o dos acad\u00eamicos Eliane Azevedo, Maria Bet\u00e2nia Toralles e Jos\u00e9 Ant\u00f4nio Sousa.<\/p>\n<p>O calend\u00e1rio de outubro amplia os temas do centen\u00e1rio para diferentes \u00e1reas relacionadas \u00e0 produ\u00e7\u00e3o e \u00e0 difus\u00e3o do conhecimento. No dia 2 de outubro, \u00e0s 19h, a OSUFBA realizar\u00e1 um concerto em homenagem a Roberto Santos, no Sal\u00e3o Nobre da Reitoria da UFBA. No dia 7, o Instituto Gon\u00e7alo Moniz, da Fiocruz Bahia, receber\u00e1 o Semin\u00e1rio sobre Museus de Ci\u00eancia, que reunir\u00e1 representantes de museus e institui\u00e7\u00f5es cient\u00edficas.<\/p>\n<p>A rela\u00e7\u00e3o entre ci\u00eancia e forma\u00e7\u00e3o profissional estar\u00e1 em debate no dia 9 de outubro, durante a atividade \u201cCi\u00eancia na forma\u00e7\u00e3o e pr\u00e1tica da medicina\u201d, organizada pela Faculdade de Medicina da UFBA. Com media\u00e7\u00e3o de Antonio Alberto Lopes, a programa\u00e7\u00e3o inclui discuss\u00f5es sobre inicia\u00e7\u00e3o cient\u00edfica, resid\u00eancia m\u00e9dica e o Programa MD PhD, com participa\u00e7\u00e3o de Viviane Boaventura neste \u00faltimo tema.<\/p>\n<p>A agenda inclui ainda o Semin\u00e1rio sobre as Licenciaturas, em 14 de outubro, no Audit\u00f3rio da UNEB, em iniciativa da Academia Baiana de Educa\u00e7\u00e3o e da Universidade do Estado da Bahia. Outro destaque da participa\u00e7\u00e3o da Academia de Ci\u00eancias da Bahia ser\u00e1 a atividade de 19 de outubro, \u00e0s 10h30, na Reitoria da UFBA. O acad\u00eamico Olival Freire, presidente do CNPq, ministrar\u00e1 a confer\u00eancia \u201cO Legado de Roberto Santos na Pol\u00edtica de Ci\u00eancia e Tecnologia\u201d.<\/p>\n<p>Em novembro, a programa\u00e7\u00e3o entra em sua etapa final com o III Semin\u00e1rio de Pesquisadores Emergentes e a entrega do \u201cDiploma Prof. Roberto Santos\u201d, no dia 5 de novembro, \u00e0s 14h, no Audit\u00f3rio do Instituto de Letras da UFBA. A programa\u00e7\u00e3o ser\u00e1 encerrada com a atividade \u201cCi\u00eancia, Tecnologia e Inova\u00e7\u00e3o para o Desenvolvimento da Bahia\u201d, prevista para 9 de novembro, no Audit\u00f3rio da sede da FIEB.<\/p>\n<p>Ao reunir institui\u00e7\u00f5es de diferentes campos em torno do centen\u00e1rio, a programa\u00e7\u00e3o coloca em destaque temas relacionados \u00e0 ci\u00eancia, \u00e0 universidade, \u00e0 forma\u00e7\u00e3o profissional e ao desenvolvimento cient\u00edfico e tecnol\u00f3gico da Bahia. O conjunto de atividades tamb\u00e9m evidencia a articula\u00e7\u00e3o entre as institui\u00e7\u00f5es participantes na constru\u00e7\u00e3o das homenagens a Roberto Figueira Santos.<\/p>\n<p><strong>Programa\u00e7\u00e3o oficial do Centen\u00e1rio de Roberto Figueira Santos<\/strong><\/p>\n<p><strong>Setembro<\/strong><\/p>\n<p><strong>14 de setembro | 9h30<\/strong><br \/>\n<strong>Sess\u00e3o de Abertura do Centen\u00e1rio<\/strong><br \/>\nSal\u00e3o Nobre da Reitoria<br \/>\nRua Dr. Augusto Viana, Canela.<br \/>\nOrganiza\u00e7\u00e3o: Institui\u00e7\u00f5es participantes<\/p>\n<p><strong>15 de setembro | 18h<\/strong><br \/>\n<strong>Missa em mem\u00f3ria do Prof. Roberto Santos<\/strong><br \/>\nCapela Nossa Senhora das Vit\u00f3rias, Pupileira<br \/>\nOrganiza\u00e7\u00e3o: Fam\u00edlia do Prof. Roberto Santos<\/p>\n<p><strong>17 de setembro | 11h<\/strong><br \/>\n<strong>Desafios atuais da \u00e9tica na ci\u00eancia<\/strong><br \/>\nProfessor Esper Cavalheiro<br \/>\nAudit\u00f3rio da Faculdade de Farm\u00e1cia da UFBA<br \/>\nOrganiza\u00e7\u00e3o: Academia de Ci\u00eancias da Bahia (ACB)<\/p>\n<p><strong>22 de setembro | 18h<\/strong><br \/>\n<strong>Sess\u00e3o do Centen\u00e1rio do Acad\u00eamico Roberto Santos<\/strong><br \/>\nDiscursos de homenagem: Helo\u00edsa Prazeres, Edvaldo Brito e Cristiana Santos<br \/>\nAudit\u00f3rio da Academia de Letras da Bahia (ALB)<br \/>\nOrganiza\u00e7\u00e3o: Academia de Letras da Bahia (ALB)<\/p>\n<p><strong>30 de setembro | 19h<\/strong><br \/>\n<strong>Sess\u00e3o do Centen\u00e1rio do Acad\u00eamico Roberto Santos<\/strong><br \/>\nDiscursos de homenagem: Eliane Azevedo, Maria Bet\u00e2nia Toralles e Jos\u00e9 Ant\u00f4nio Sousa<br \/>\nAudit\u00f3rio do Hospital Universit\u00e1rio Professor Edgard Santos<br \/>\nOrganiza\u00e7\u00e3o: Academia de Medicina da Bahia (AMBA)<\/p>\n<p><strong>Outubro<\/strong><\/p>\n<p><strong>2 de outubro | 19h<\/strong><br \/>\n<strong>Concerto da OSUFBA \u2014 Homenagem ao Centen\u00e1rio do Prof. Roberto Santos<\/strong><br \/>\nSal\u00e3o Nobre da Reitoria da UFBA<br \/>\nOrganiza\u00e7\u00e3o: UFBA<\/p>\n<p><strong>7 de outubro | 9h \u00e0s 12h30<\/strong><br \/>\n<strong>Semin\u00e1rio sobre Museus de Ci\u00eancia<\/strong><br \/>\nInstituto Gon\u00e7alo Moniz \u2014 Fiocruz Bahia<br \/>\nRua Waldermar Falc\u00e3o, 121, Horto Florestal<\/p>\n<p><strong>Palestrantes:<\/strong><br \/>\nWylliams Barbosa Santos \u2014 Diretor do Museu Espa\u00e7o Ci\u00eancia<br \/>\nCl\u00e1udia Martins Ramalho \u2014 Diretora do Museu SESI Lab<br \/>\nMarcus Klein \u2014 Diretor do Museu de Ci\u00eancias e Tecnologia da PUCRS<br \/>\nDiego Vaz Bevilaqua \u2014 Diretor do ICOM \/ Casa de Oswaldo Cruz \u2014 Fiocruz<br \/>\nJos\u00e9 Claudio Oliveira \u2014 Vice-chefe do Departamento de Museologia da UFBA<\/p>\n<p>Organiza\u00e7\u00e3o: Fiocruz-BA<\/p>\n<p><strong>9 de outubro | 9h \u00e0s 12h30<\/strong><br \/>\n<strong>Ci\u00eancia na forma\u00e7\u00e3o e pr\u00e1tica da medicina<\/strong><br \/>\nModerador: Antonio Alberto Lopes<br \/>\nTemas: Inicia\u00e7\u00e3o Cient\u00edfica; Resid\u00eancia M\u00e9dica; Programa MD PhD<br \/>\nParticipa\u00e7\u00e3o indicada na programa\u00e7\u00e3o: Viviane Boaventura<br \/>\nLocal: a informar<br \/>\nOrganiza\u00e7\u00e3o: Faculdade de Medicina \u2014 UFBA<\/p>\n<p><strong>14 de outubro | 9h \u00e0s 17h<\/strong><br \/>\n<strong>Semin\u00e1rio sobre as Licenciaturas<\/strong><br \/>\nAudit\u00f3rio da UNEB<br \/>\nOrganiza\u00e7\u00e3o: Academia Baiana de Educa\u00e7\u00e3o (ABE) e UNEB<\/p>\n<p><strong>19 de outubro | 10h30<\/strong><br \/>\n<strong>O Legado de Roberto Santos na Pol\u00edtica de Ci\u00eancia e Tecnologia<\/strong><br \/>\nAcad\u00eamico Olival Freire \u2014 Presidente do CNPq<br \/>\nReitoria da UFBA<br \/>\nOrganiza\u00e7\u00e3o: Academia de Ci\u00eancias da Bahia (ACB)<\/p>\n<p><strong>Novembro<\/strong><\/p>\n<p><strong>5 de novembro | 14h<\/strong><br \/>\n<strong>III Semin\u00e1rio de Pesquisadores Emergentes e Entrega do \u201cDiploma Prof. Roberto Santos\u201d<\/strong><br \/>\nAudit\u00f3rio do Instituto de Letras da UFBA<br \/>\nOrganiza\u00e7\u00e3o: Academia de Ci\u00eancias da Bahia (ACB)<\/p>\n<p><strong>9 de novembro | hor\u00e1rio a definir<\/strong><br \/>\n<strong>Ci\u00eancia, Tecnologia e Inova\u00e7\u00e3o para o Desenvolvimento da Bahia<\/strong><br \/>\nAudit\u00f3rio da sede da FIEB<br \/>\nOrganiza\u00e7\u00e3o: SENAI CIMATEC \/ FIEB<\/p>\n<p><em>Os hor\u00e1rios e locais indicados na programa\u00e7\u00e3o como \u201ca informar\u201d ou \u201ca definir\u201d permanecem sujeitos a atualiza\u00e7\u00e3o.<\/em><\/p>\n<p>&nbsp;<\/p>\n","protected":false},"excerpt":{"rendered":"<p>Uma programa\u00e7\u00e3o reunindo institui\u00e7\u00f5es acad\u00eamicas, cient\u00edficas e educacionais marcar\u00e1, entre setembro e novembro, o centen\u00e1rio de nascimento do professor Roberto Figueira Santos. Com o tema \u201cCi\u00eancia, Universidade e Sa\u00fade P\u00fablica no Desenvolvimento da Bahia\u201d, a agenda prop\u00f5e uma s\u00e9rie de atividades voltadas \u00e0 reflex\u00e3o sobre ci\u00eancia, forma\u00e7\u00e3o, medicina, educa\u00e7\u00e3o, tecnologia e inova\u00e7\u00e3o. A programa\u00e7\u00e3o inclui [&hellip;]<\/p>\n","protected":false},"author":8,"featured_media":8209,"comment_status":"closed","ping_status":"open","sticky":false,"template":"","format":"standard","meta":{"_acf_changed":false,"_et_pb_use_builder":"","_et_pb_old_content":"","_et_gb_content_width":"","footnotes":""},"categories":[27,1],"tags":[],"class_list":["post-8207","post","type-post","status-publish","format-standard","has-post-thumbnail","hentry","category-destaques","category-noticias"],"acf":[],"_links":{"self":[{"href":"https:\/\/cienciasbahia.org.br\/novo\/wp-json\/wp\/v2\/posts\/8207","targetHints":{"allow":["GET"]}}],"collection":[{"href":"https:\/\/cienciasbahia.org.br\/novo\/wp-json\/wp\/v2\/posts"}],"about":[{"href":"https:\/\/cienciasbahia.org.br\/novo\/wp-json\/wp\/v2\/types\/post"}],"author":[{"embeddable":true,"href":"https:\/\/cienciasbahia.org.br\/novo\/wp-json\/wp\/v2\/users\/8"}],"replies":[{"embeddable":true,"href":"https:\/\/cienciasbahia.org.br\/novo\/wp-json\/wp\/v2\/comments?post=8207"}],"version-history":[{"count":4,"href":"https:\/\/cienciasbahia.org.br\/novo\/wp-json\/wp\/v2\/posts\/8207\/revisions"}],"predecessor-version":[{"id":8213,"href":"https:\/\/cienciasbahia.org.br\/novo\/wp-json\/wp\/v2\/posts\/8207\/revisions\/8213"}],"wp:featuredmedia":[{"embeddable":true,"href":"https:\/\/cienciasbahia.org.br\/novo\/wp-json\/wp\/v2\/media\/8209"}],"wp:attachment":[{"href":"https:\/\/cienciasbahia.org.br\/novo\/wp-json\/wp\/v2\/media?parent=8207"}],"wp:term":[{"taxonomy":"category","embeddable":true,"href":"https:\/\/cienciasbahia.org.br\/novo\/wp-json\/wp\/v2\/categories?post=8207"},{"taxonomy":"post_tag","embeddable":true,"href":"https:\/\/cienciasbahia.org.br\/novo\/wp-json\/wp\/v2\/tags?post=8207"}],"curies":[{"name":"wp","href":"https:\/\/api.w.org\/{rel}","templated":true}]}}